{"id":47098,"date":"2025-12-24T16:12:56","date_gmt":"2025-12-24T13:12:56","guid":{"rendered":"https:\/\/ttk.gov.tr\/?p=47098"},"modified":"2026-02-03T16:14:07","modified_gmt":"2026-02-03T13:14:07","slug":"ataturk-and-ankara-photo-exhibition","status":"publish","type":"post","link":"https:\/\/ttk.gov.tr\/en\/ataturk-and-ankara-photo-exhibition\/","title":{"rendered":"Atat\u00fcrk and Ankara Photo Exhibition"},"content":{"rendered":"<p style=\"text-align: justify;\">You are cordially invited to the <em>\u2018Atat\u00fcrk and Ankara Photo Exhibition from the Turkish Historical Society Archives,\u2019<\/em> organized by our institution to commemorate the 106<sup>th<\/sup> anniversary of Atat\u00fcrk\u2019s arrival in Ankara, as well as to the lecture entitled \u201cKurtulu\u015f \u0130\u00e7in Ankara Yolunda Mustafa Kemal Pa\u015fa\u2019n\u0131n Yol Arkada\u015flar\u0131\u201d to be delivered by Prof. Dr. Temu\u00e7in Faik Ertan.<\/p>\n","protected":false},"excerpt":{"rendered":"<p>You are cordially invited to the \u2018Atat\u00fcrk and Ankara Photo Exhibition from the Turkish Historical Society Archives,\u2019 organized by our institution to commemorate the 106th anniversary of Atat\u00fcrk\u2019s arrival in Ankara, as well as to the lecture entitled \u201cKurtulu\u015f \u0130\u00e7in Ankara Yolunda Mustafa Kemal Pa\u015fa\u2019n\u0131n Yol Arkada\u015flar\u0131\u201d to be delivered by Prof. Dr. Temu\u00e7in Faik [&hellip;]<\/p>\n","protected":false},"author":9,"featured_media":47099,"comment_status":"closed","ping_status":"closed","sticky":false,"template":"","format":"standard","meta":{"footnotes":""},"categories":[160],"tags":[],"class_list":["post-47098","post","type-post","status-publish","format-standard","has-post-thumbnail","hentry","category-duyurular-en"],"_links":{"self":[{"href":"https:\/\/ttk.gov.tr\/en\/wp-json\/wp\/v2\/posts\/47098","targetHints":{"allow":["GET"]}}],"collection":[{"href":"https:\/\/ttk.gov.tr\/en\/wp-json\/wp\/v2\/posts"}],"about":[{"href":"https:\/\/ttk.gov.tr\/en\/wp-json\/wp\/v2\/types\/post"}],"author":[{"embeddable":true,"href":"https:\/\/ttk.gov.tr\/en\/wp-json\/wp\/v2\/users\/9"}],"replies":[{"embeddable":true,"href":"https:\/\/ttk.gov.tr\/en\/wp-json\/wp\/v2\/comments?post=47098"}],"version-history":[{"count":1,"href":"https:\/\/ttk.gov.tr\/en\/wp-json\/wp\/v2\/posts\/47098\/revisions"}],"predecessor-version":[{"id":47101,"href":"https:\/\/ttk.gov.tr\/en\/wp-json\/wp\/v2\/posts\/47098\/revisions\/47101"}],"wp:featuredmedia":[{"embeddable":true,"href":"https:\/\/ttk.gov.tr\/en\/wp-json\/wp\/v2\/media\/47099"}],"wp:attachment":[{"href":"https:\/\/ttk.gov.tr\/en\/wp-json\/wp\/v2\/media?parent=47098"}],"wp:term":[{"taxonomy":"category","embeddable":true,"href":"https:\/\/ttk.gov.tr\/en\/wp-json\/wp\/v2\/categories?post=47098"},{"taxonomy":"post_tag","embeddable":true,"href":"https:\/\/ttk.gov.tr\/en\/wp-json\/wp\/v2\/tags?post=47098"}],"curies":[{"name":"wp","href":"https:\/\/api.w.org\/{rel}","templated":true}]}}