{"id":47041,"date":"2025-09-11T15:55:26","date_gmt":"2025-09-11T12:55:26","guid":{"rendered":"https:\/\/ttk.gov.tr\/?p=47041"},"modified":"2026-02-03T15:56:20","modified_gmt":"2026-02-03T12:56:20","slug":"the-second-workshop-on-the-history-of-the-turkic-world-was-held-in-almaty","status":"publish","type":"post","link":"https:\/\/ttk.gov.tr\/en\/the-second-workshop-on-the-history-of-the-turkic-world-was-held-in-almaty\/","title":{"rendered":"\u201cThe Second Workshop on the History of the Turkic World\u201d was Held in Almaty"},"content":{"rendered":"<p style=\"text-align: justify;\">\u201c<em>The<\/em> <em>Second Workshop on the History of the Turkic World,\u201d<\/em> hosted by Farabi Kazakh National University, was convened in Almaty through the collaboration of our institution and the Turkic Academy. The workshop brought together officials from the history and ethnology institutes of the member and observer states of the Organization of Turkic States, as well as numerous academics. Opening remarks were delivered by Prof. Dr. Y\u00fcksel \u00d6zgen, President of the Turkish Historical Society; Prof. Dr. \u015eahin Mustafayev, President of the Turkic Academy; Prof. Dr. Canseyit T\u00fcymebayev, Rector of Farabi Kazakh National University; and \u0130kram Adyrbek, Member of the Council of Elders of the Organization of Turkic States.<\/p>\n<p style=\"text-align: justify;\">Publications of our institution were presented to the libraries of the Kazakh National Library, Abay Kazakh National Pedagogical University, and the Academy of Sciences. The opening ceremonies for these library collections, inaugurated by Prof. Dr. Y\u00fcksel \u00d6zgen, President of the Turkish Historical Society, were attended by Ayhan Korkmaz, Education Attach\u00e9 of the Consulate General of the Republic of T\u00fcrkiye in Almaty, together with university officials and Turkish educators and students affiliated with the institutions.<\/p>\n<p style=\"text-align: justify;\">Prof. Dr. Y\u00fcksel \u00d6zgen, President of the Turkish Historical Society, and the accompanying delegation also paid a visit to Ms. Tu\u011fba Alan \u00d6zdenfedakar, Consul General of the Republic of T\u00fcrkiye in Kazakhstan.<\/p>\n","protected":false},"excerpt":{"rendered":"<p>\u201cThe Second Workshop on the History of the Turkic World,\u201d hosted by Farabi Kazakh National University, was convened in Almaty through the collaboration of our institution and the Turkic Academy. The workshop brought together officials from the history and ethnology institutes of the member and observer states of the Organization of Turkic States, as well [&hellip;]<\/p>\n","protected":false},"author":9,"featured_media":47042,"comment_status":"closed","ping_status":"closed","sticky":false,"template":"","format":"standard","meta":{"footnotes":""},"categories":[158],"tags":[],"class_list":["post-47041","post","type-post","status-publish","format-standard","has-post-thumbnail","hentry","category-etkinlikler-en"],"_links":{"self":[{"href":"https:\/\/ttk.gov.tr\/en\/wp-json\/wp\/v2\/posts\/47041","targetHints":{"allow":["GET"]}}],"collection":[{"href":"https:\/\/ttk.gov.tr\/en\/wp-json\/wp\/v2\/posts"}],"about":[{"href":"https:\/\/ttk.gov.tr\/en\/wp-json\/wp\/v2\/types\/post"}],"author":[{"embeddable":true,"href":"https:\/\/ttk.gov.tr\/en\/wp-json\/wp\/v2\/users\/9"}],"replies":[{"embeddable":true,"href":"https:\/\/ttk.gov.tr\/en\/wp-json\/wp\/v2\/comments?post=47041"}],"version-history":[{"count":1,"href":"https:\/\/ttk.gov.tr\/en\/wp-json\/wp\/v2\/posts\/47041\/revisions"}],"predecessor-version":[{"id":47044,"href":"https:\/\/ttk.gov.tr\/en\/wp-json\/wp\/v2\/posts\/47041\/revisions\/47044"}],"wp:featuredmedia":[{"embeddable":true,"href":"https:\/\/ttk.gov.tr\/en\/wp-json\/wp\/v2\/media\/47042"}],"wp:attachment":[{"href":"https:\/\/ttk.gov.tr\/en\/wp-json\/wp\/v2\/media?parent=47041"}],"wp:term":[{"taxonomy":"category","embeddable":true,"href":"https:\/\/ttk.gov.tr\/en\/wp-json\/wp\/v2\/categories?post=47041"},{"taxonomy":"post_tag","embeddable":true,"href":"https:\/\/ttk.gov.tr\/en\/wp-json\/wp\/v2\/tags?post=47041"}],"curies":[{"name":"wp","href":"https:\/\/api.w.org\/{rel}","templated":true}]}}