{"id":46954,"date":"2025-12-26T15:27:19","date_gmt":"2025-12-26T12:27:19","guid":{"rendered":"https:\/\/ttk.gov.tr\/?p=46954"},"modified":"2026-02-03T15:28:31","modified_gmt":"2026-02-03T12:28:31","slug":"ataturk-and-ankara-photo-exhibition-has-opened","status":"publish","type":"post","link":"https:\/\/ttk.gov.tr\/en\/ataturk-and-ankara-photo-exhibition-has-opened\/","title":{"rendered":"Atat\u00fcrk and Ankara Photo Exhibition has Opened"},"content":{"rendered":"<p style=\"text-align: justify;\">Our Society organized a conference and a photo exhibition to commemorate the 106<sup>th<\/sup> anniversary of Atat\u00fcrk\u2019s arrival in Ankara. Within this framework, a conference entitled \u201cKurtulu\u015f \u0130\u00e7in Ankara Yolunda Mustafa Kemal Pa\u015fa\u2019n\u0131n Yol Arkada\u015flar\u0131\u201d was delivered by Prof. Dr. Temu\u00e7in Faik Ertan, followed by the opening of the <em>\u2018Atat\u00fcrk and Ankara Photo Exhibition from the Turkish Historical Society Archives.\u2019<\/em><\/p>\n<p><img fetchpriority=\"high\" decoding=\"async\" class=\"alignnone size-full wp-image-46957\" src=\"https:\/\/ttk.gov.tr\/wp-content\/uploads\/2026\/02\/55.jpg\" alt=\"\" width=\"786\" height=\"786\" srcset=\"https:\/\/ttk.gov.tr\/wp-content\/uploads\/2026\/02\/55.jpg 786w, https:\/\/ttk.gov.tr\/wp-content\/uploads\/2026\/02\/55-300x300.jpg 300w, https:\/\/ttk.gov.tr\/wp-content\/uploads\/2026\/02\/55-80x80.jpg 80w, https:\/\/ttk.gov.tr\/wp-content\/uploads\/2026\/02\/55-768x768.jpg 768w, https:\/\/ttk.gov.tr\/wp-content\/uploads\/2026\/02\/55-400x400.jpg 400w, https:\/\/ttk.gov.tr\/wp-content\/uploads\/2026\/02\/55-100x100.jpg 100w, https:\/\/ttk.gov.tr\/wp-content\/uploads\/2026\/02\/55-600x600.jpg 600w\" sizes=\"(max-width: 786px) 100vw, 786px\" \/><\/p>\n","protected":false},"excerpt":{"rendered":"<p>Our Society organized a conference and a photo exhibition to commemorate the 106th anniversary of Atat\u00fcrk\u2019s arrival in Ankara. Within this framework, a conference entitled \u201cKurtulu\u015f \u0130\u00e7in Ankara Yolunda Mustafa Kemal Pa\u015fa\u2019n\u0131n Yol Arkada\u015flar\u0131\u201d was delivered by Prof. Dr. Temu\u00e7in Faik Ertan, followed by the opening of the \u2018Atat\u00fcrk and Ankara Photo Exhibition from the [&hellip;]<\/p>\n","protected":false},"author":9,"featured_media":46955,"comment_status":"closed","ping_status":"closed","sticky":false,"template":"","format":"standard","meta":{"footnotes":""},"categories":[158],"tags":[],"class_list":["post-46954","post","type-post","status-publish","format-standard","has-post-thumbnail","hentry","category-etkinlikler-en"],"_links":{"self":[{"href":"https:\/\/ttk.gov.tr\/en\/wp-json\/wp\/v2\/posts\/46954","targetHints":{"allow":["GET"]}}],"collection":[{"href":"https:\/\/ttk.gov.tr\/en\/wp-json\/wp\/v2\/posts"}],"about":[{"href":"https:\/\/ttk.gov.tr\/en\/wp-json\/wp\/v2\/types\/post"}],"author":[{"embeddable":true,"href":"https:\/\/ttk.gov.tr\/en\/wp-json\/wp\/v2\/users\/9"}],"replies":[{"embeddable":true,"href":"https:\/\/ttk.gov.tr\/en\/wp-json\/wp\/v2\/comments?post=46954"}],"version-history":[{"count":1,"href":"https:\/\/ttk.gov.tr\/en\/wp-json\/wp\/v2\/posts\/46954\/revisions"}],"predecessor-version":[{"id":46959,"href":"https:\/\/ttk.gov.tr\/en\/wp-json\/wp\/v2\/posts\/46954\/revisions\/46959"}],"wp:featuredmedia":[{"embeddable":true,"href":"https:\/\/ttk.gov.tr\/en\/wp-json\/wp\/v2\/media\/46955"}],"wp:attachment":[{"href":"https:\/\/ttk.gov.tr\/en\/wp-json\/wp\/v2\/media?parent=46954"}],"wp:term":[{"taxonomy":"category","embeddable":true,"href":"https:\/\/ttk.gov.tr\/en\/wp-json\/wp\/v2\/categories?post=46954"},{"taxonomy":"post_tag","embeddable":true,"href":"https:\/\/ttk.gov.tr\/en\/wp-json\/wp\/v2\/tags?post=46954"}],"curies":[{"name":"wp","href":"https:\/\/api.w.org\/{rel}","templated":true}]}}